{"id":3690,"date":"2025-07-18T16:34:23","date_gmt":"2025-07-18T19:34:23","guid":{"rendered":"https:\/\/www.hospitalaustral.edu.ar\/plandesalud\/?p=3690"},"modified":"2025-07-18T16:39:35","modified_gmt":"2025-07-18T19:39:35","slug":"tu-salud-primero-sabemos-cuidarte","status":"publish","type":"post","link":"https:\/\/www.hospitalaustral.edu.ar\/plandesalud\/novedades\/tu-salud-primero-sabemos-cuidarte\/","title":{"rendered":"Tu Salud Primero: Sabemos Cuidarte"},"content":{"rendered":"<p><img loading=\"lazy\" decoding=\"async\" class=\"aligncenter wp-image-3692 size-full\" src=\"https:\/\/www.hospitalaustral.edu.ar\/plandesalud\/wp-content\/uploads\/2025\/07\/image-nota-tu-salud-primero-sabemos-cuidarte.jpg\" alt=\"Tu salud primero - Sabemos cuidarte.\" width=\"801\" height=\"381\" srcset=\"https:\/\/www.hospitalaustral.edu.ar\/plandesalud\/wp-content\/uploads\/2025\/07\/image-nota-tu-salud-primero-sabemos-cuidarte.jpg 801w, https:\/\/www.hospitalaustral.edu.ar\/plandesalud\/wp-content\/uploads\/2025\/07\/image-nota-tu-salud-primero-sabemos-cuidarte-300x143.jpg 300w, https:\/\/www.hospitalaustral.edu.ar\/plandesalud\/wp-content\/uploads\/2025\/07\/image-nota-tu-salud-primero-sabemos-cuidarte-768x365.jpg 768w\" sizes=\"(max-width: 801px) 100vw, 801px\" \/><\/p>\n<h2>La prevenci\u00f3n empieza con una charla. Conoc\u00e9 a tu m\u00e9dico de cabecera.<\/h2>\n<p><strong>\u00bfSab\u00edas que el primer paso para cuidar tu salud es tener un m\u00e9dico de cabecera?<br \/>\n<\/strong>Contar con un profesional que te conozca, te escuche y te acompa\u00f1e a lo largo del tiempo es un diferencial que mejora tu bienestar en todas las etapas de la vida.<\/p>\n<p><img loading=\"lazy\" decoding=\"async\" class=\"aligncenter size-full wp-image-3199\" src=\"https:\/\/www.hospitalaustral.edu.ar\/plandesalud\/wp-content\/uploads\/2024\/06\/image-filete-verde-01.jpg\" alt=\"Filete verde\" width=\"1600\" height=\"120\" srcset=\"https:\/\/www.hospitalaustral.edu.ar\/plandesalud\/wp-content\/uploads\/2024\/06\/image-filete-verde-01.jpg 1600w, https:\/\/www.hospitalaustral.edu.ar\/plandesalud\/wp-content\/uploads\/2024\/06\/image-filete-verde-01-300x23.jpg 300w, https:\/\/www.hospitalaustral.edu.ar\/plandesalud\/wp-content\/uploads\/2024\/06\/image-filete-verde-01-1024x77.jpg 1024w, https:\/\/www.hospitalaustral.edu.ar\/plandesalud\/wp-content\/uploads\/2024\/06\/image-filete-verde-01-768x58.jpg 768w, https:\/\/www.hospitalaustral.edu.ar\/plandesalud\/wp-content\/uploads\/2024\/06\/image-filete-verde-01-1536x115.jpg 1536w\" sizes=\"(max-width: 1600px) 100vw, 1600px\" \/><\/p>\n<h2>\u00bfQu\u00e9 es la medicina general ambulatoria?<\/h2>\n<p>La medicina general ambulatoria abarca el seguimiento integral de tu salud f\u00edsica y emocional. El m\u00e9dico de cabecera puede ser un especialista en medicina familiar, en cl\u00ednica m\u00e9dica o un m\u00e9dico generalista con formaci\u00f3n especializada.<br \/>\nSu funci\u00f3n va mucho m\u00e1s all\u00e1 de atenderte cuando est\u00e1s enfermo: es quien construye tu historia cl\u00ednica, conoce tus antecedentes, tus h\u00e1bitos, tu entorno y tus factores de riesgo, para ayudarte a prevenir enfermedades y tomar decisiones informadas sobre tu salud.<\/p>\n<p><img loading=\"lazy\" decoding=\"async\" class=\"aligncenter size-full wp-image-3199\" src=\"https:\/\/www.hospitalaustral.edu.ar\/plandesalud\/wp-content\/uploads\/2024\/06\/image-filete-verde-01.jpg\" alt=\"Filete verde\" width=\"1600\" height=\"120\" srcset=\"https:\/\/www.hospitalaustral.edu.ar\/plandesalud\/wp-content\/uploads\/2024\/06\/image-filete-verde-01.jpg 1600w, https:\/\/www.hospitalaustral.edu.ar\/plandesalud\/wp-content\/uploads\/2024\/06\/image-filete-verde-01-300x23.jpg 300w, https:\/\/www.hospitalaustral.edu.ar\/plandesalud\/wp-content\/uploads\/2024\/06\/image-filete-verde-01-1024x77.jpg 1024w, https:\/\/www.hospitalaustral.edu.ar\/plandesalud\/wp-content\/uploads\/2024\/06\/image-filete-verde-01-768x58.jpg 768w, https:\/\/www.hospitalaustral.edu.ar\/plandesalud\/wp-content\/uploads\/2024\/06\/image-filete-verde-01-1536x115.jpg 1536w\" sizes=\"(max-width: 1600px) 100vw, 1600px\" \/><\/p>\n<h2>Aunque te sientas bien \u00bfCu\u00e1ndo consultar?<\/h2>\n<p>Muchas personas creen que solo deben ir al m\u00e9dico si tienen s\u00edntomas. Sin embargo, la consulta m\u00e9dica preventiva es clave incluso cuando te sent\u00eds bien.<\/p>\n<p>Una vez al a\u00f1o, el control cl\u00ednico permite:<\/p>\n<ul>\n<li>Confirmar que est\u00e1s en buen estado de salud.<\/li>\n<li>Detectar factores de riesgo ocultos.<\/li>\n<li>Personalizar un plan de estudios y chequeos.<\/li>\n<li>Iniciar h\u00e1bitos m\u00e1s saludables o reforzar los que ya ten\u00e9s.<\/li>\n<\/ul>\n<p><img loading=\"lazy\" decoding=\"async\" class=\"aligncenter size-full wp-image-3199\" src=\"https:\/\/www.hospitalaustral.edu.ar\/plandesalud\/wp-content\/uploads\/2024\/06\/image-filete-verde-01.jpg\" alt=\"Filete verde\" width=\"1600\" height=\"120\" srcset=\"https:\/\/www.hospitalaustral.edu.ar\/plandesalud\/wp-content\/uploads\/2024\/06\/image-filete-verde-01.jpg 1600w, https:\/\/www.hospitalaustral.edu.ar\/plandesalud\/wp-content\/uploads\/2024\/06\/image-filete-verde-01-300x23.jpg 300w, https:\/\/www.hospitalaustral.edu.ar\/plandesalud\/wp-content\/uploads\/2024\/06\/image-filete-verde-01-1024x77.jpg 1024w, https:\/\/www.hospitalaustral.edu.ar\/plandesalud\/wp-content\/uploads\/2024\/06\/image-filete-verde-01-768x58.jpg 768w, https:\/\/www.hospitalaustral.edu.ar\/plandesalud\/wp-content\/uploads\/2024\/06\/image-filete-verde-01-1536x115.jpg 1536w\" sizes=\"(max-width: 1600px) 100vw, 1600px\" \/><\/p>\n<h2>Estudios seg\u00fan tu edad<\/h2>\n<p>Tu m\u00e9dico puede indicarte estudios seg\u00fan tu edad, g\u00e9nero y antecedentes:<\/p>\n<ul>\n<li>PAP (a partir de los 21\/25 a\u00f1os).<\/li>\n<li>Mamograf\u00eda (desde los 40).<\/li>\n<li>Videocolonoscopia. Prevenci\u00f3n de c\u00e1ncer colorrectal y pr\u00f3stata (desde los 50).<\/li>\n<li>Densitometr\u00eda, control de audici\u00f3n y visi\u00f3n (desde los 65).<\/li>\n<li>Evaluaci\u00f3n de riesgo cardiovascular, estudios cardiol\u00f3gicos, laboratorio, entre otros.<\/li>\n<\/ul>\n<p>No todos los estudios se repiten cada a\u00f1o: el m\u00e9dico ser\u00e1 quien eval\u00fae qu\u00e9 necesit\u00e1s y cu\u00e1ndo.<\/p>\n<p><strong><img loading=\"lazy\" decoding=\"async\" class=\"aligncenter size-full wp-image-3199\" src=\"https:\/\/www.hospitalaustral.edu.ar\/plandesalud\/wp-content\/uploads\/2024\/06\/image-filete-verde-01.jpg\" alt=\"Filete verde\" width=\"1600\" height=\"120\" srcset=\"https:\/\/www.hospitalaustral.edu.ar\/plandesalud\/wp-content\/uploads\/2024\/06\/image-filete-verde-01.jpg 1600w, https:\/\/www.hospitalaustral.edu.ar\/plandesalud\/wp-content\/uploads\/2024\/06\/image-filete-verde-01-300x23.jpg 300w, https:\/\/www.hospitalaustral.edu.ar\/plandesalud\/wp-content\/uploads\/2024\/06\/image-filete-verde-01-1024x77.jpg 1024w, https:\/\/www.hospitalaustral.edu.ar\/plandesalud\/wp-content\/uploads\/2024\/06\/image-filete-verde-01-768x58.jpg 768w, https:\/\/www.hospitalaustral.edu.ar\/plandesalud\/wp-content\/uploads\/2024\/06\/image-filete-verde-01-1536x115.jpg 1536w\" sizes=\"(max-width: 1600px) 100vw, 1600px\" \/><\/strong><\/p>\n<h2>Conoc\u00e9 a nuestro equipo: m\u00e9dicos que acompa\u00f1an<\/h2>\n<p>En el Plan de Salud del Hospital Universitario Austral, contamos con un equipo c\u00e1lido y comprometido de m\u00e9dicos de cabecera que est\u00e1n para escucharte, orientarte y ayudarte a tomar las mejores decisiones.<\/p>\n<p>Nos enfocamos en construir una <strong>relaci\u00f3n de confianza<\/strong> con vos, acompa\u00f1\u00e1ndote tanto en la salud como en momentos de enfermedad o situaciones de la vida cotidiana que impactan tu bienestar.<\/p>\n<p><img loading=\"lazy\" decoding=\"async\" class=\"aligncenter size-full wp-image-3199\" src=\"https:\/\/www.hospitalaustral.edu.ar\/plandesalud\/wp-content\/uploads\/2024\/06\/image-filete-verde-01.jpg\" alt=\"Filete verde\" width=\"1600\" height=\"120\" srcset=\"https:\/\/www.hospitalaustral.edu.ar\/plandesalud\/wp-content\/uploads\/2024\/06\/image-filete-verde-01.jpg 1600w, https:\/\/www.hospitalaustral.edu.ar\/plandesalud\/wp-content\/uploads\/2024\/06\/image-filete-verde-01-300x23.jpg 300w, https:\/\/www.hospitalaustral.edu.ar\/plandesalud\/wp-content\/uploads\/2024\/06\/image-filete-verde-01-1024x77.jpg 1024w, https:\/\/www.hospitalaustral.edu.ar\/plandesalud\/wp-content\/uploads\/2024\/06\/image-filete-verde-01-768x58.jpg 768w, https:\/\/www.hospitalaustral.edu.ar\/plandesalud\/wp-content\/uploads\/2024\/06\/image-filete-verde-01-1536x115.jpg 1536w\" sizes=\"(max-width: 1600px) 100vw, 1600px\" \/><\/p>\n<h2>Beneficios del seguimiento personalizado<\/h2>\n<ul>\n<li>Atenci\u00f3n centrada en vos, no solo en la enfermedad.<\/li>\n<li>Conocimiento de tu historia cl\u00ednica completa.<\/li>\n<li>Confianza para consultar cualquier tema relacionado con tu salud.<\/li>\n<li>Menor riesgo de enfermedades cr\u00f3nicas.<\/li>\n<li>Mayor adherencia a tratamientos y h\u00e1bitos saludables.<\/li>\n<\/ul>\n<p><img loading=\"lazy\" decoding=\"async\" class=\"aligncenter size-full wp-image-3199\" src=\"https:\/\/www.hospitalaustral.edu.ar\/plandesalud\/wp-content\/uploads\/2024\/06\/image-filete-verde-01.jpg\" alt=\"Filete verde\" width=\"1600\" height=\"120\" srcset=\"https:\/\/www.hospitalaustral.edu.ar\/plandesalud\/wp-content\/uploads\/2024\/06\/image-filete-verde-01.jpg 1600w, https:\/\/www.hospitalaustral.edu.ar\/plandesalud\/wp-content\/uploads\/2024\/06\/image-filete-verde-01-300x23.jpg 300w, https:\/\/www.hospitalaustral.edu.ar\/plandesalud\/wp-content\/uploads\/2024\/06\/image-filete-verde-01-1024x77.jpg 1024w, https:\/\/www.hospitalaustral.edu.ar\/plandesalud\/wp-content\/uploads\/2024\/06\/image-filete-verde-01-768x58.jpg 768w, https:\/\/www.hospitalaustral.edu.ar\/plandesalud\/wp-content\/uploads\/2024\/06\/image-filete-verde-01-1536x115.jpg 1536w\" sizes=\"(max-width: 1600px) 100vw, 1600px\" \/><\/p>\n<h2>Agend\u00e1 tu consulta preventiva ahora<\/h2>\n<p>No dejes tu salud para despu\u00e9s.<\/p>\n<p>Ingres\u00e1 al <strong><a href=\"https:\/\/portal.hospitalaustral.edu.ar\/\" target=\"_blank\" rel=\"noopener\">Portal del Paciente<\/a><\/strong> y sac\u00e1 turno con un m\u00e9dico cl\u00ednico o de cabecera. Es el primer paso para empezar a cuidarte de forma personalizada.<\/p>\n<p><a href=\"https:\/\/portal.hospitalaustral.edu.ar\/\"><img loading=\"lazy\" decoding=\"async\" class=\"aligncenter wp-image-2707 size-full\" src=\"https:\/\/www.hospitalaustral.edu.ar\/plandesalud\/wp-content\/uploads\/2023\/03\/image-boton-portal-de-pacientes.jpg\" alt=\"Portal del Paciente\" width=\"361\" height=\"53\" srcset=\"https:\/\/www.hospitalaustral.edu.ar\/plandesalud\/wp-content\/uploads\/2023\/03\/image-boton-portal-de-pacientes.jpg 361w, https:\/\/www.hospitalaustral.edu.ar\/plandesalud\/wp-content\/uploads\/2023\/03\/image-boton-portal-de-pacientes-300x44.jpg 300w\" sizes=\"(max-width: 361px) 100vw, 361px\" \/><\/a><\/p>\n<p>Con el Plan de Salud del Hospital Universitario Austral, ten\u00e9s m\u00e1s que una cobertura:<\/p>\n<p><strong>Ten\u00e9s un equipo que te conoce, te acompa\u00f1a y te cuida de verdad.<br \/>\n<\/strong><strong>Tu Salud Primero. Sabemos cuidarte.<\/strong><\/p>\n","protected":false},"excerpt":{"rendered":"<p>La prevenci\u00f3n empieza con una charla. Conoc\u00e9 a tu m\u00e9dico de cabecera. \u00bfSab\u00edas que el primer paso para cuidar tu salud es tener un m\u00e9dico de cabecera?<br \/>\nContar con un profesional que te conozca, te escuche y te acompa\u00f1e a lo largo del tiempo es un diferencial que mejora tu bienestar en todas las etapas de la vida.<\/p>\n","protected":false},"author":4,"featured_media":0,"comment_status":"open","ping_status":"open","sticky":false,"template":"","format":"standard","meta":{"_acf_changed":false,"footnotes":""},"categories":[1],"tags":[],"acf":[],"_links":{"self":[{"href":"https:\/\/www.hospitalaustral.edu.ar\/plandesalud\/wp-json\/wp\/v2\/posts\/3690"}],"collection":[{"href":"https:\/\/www.hospitalaustral.edu.ar\/plandesalud\/wp-json\/wp\/v2\/posts"}],"about":[{"href":"https:\/\/www.hospitalaustral.edu.ar\/plandesalud\/wp-json\/wp\/v2\/types\/post"}],"author":[{"embeddable":true,"href":"https:\/\/www.hospitalaustral.edu.ar\/plandesalud\/wp-json\/wp\/v2\/users\/4"}],"replies":[{"embeddable":true,"href":"https:\/\/www.hospitalaustral.edu.ar\/plandesalud\/wp-json\/wp\/v2\/comments?post=3690"}],"version-history":[{"count":5,"href":"https:\/\/www.hospitalaustral.edu.ar\/plandesalud\/wp-json\/wp\/v2\/posts\/3690\/revisions"}],"predecessor-version":[{"id":3698,"href":"https:\/\/www.hospitalaustral.edu.ar\/plandesalud\/wp-json\/wp\/v2\/posts\/3690\/revisions\/3698"}],"wp:attachment":[{"href":"https:\/\/www.hospitalaustral.edu.ar\/plandesalud\/wp-json\/wp\/v2\/media?parent=3690"}],"wp:term":[{"taxonomy":"category","embeddable":true,"href":"https:\/\/www.hospitalaustral.edu.ar\/plandesalud\/wp-json\/wp\/v2\/categories?post=3690"},{"taxonomy":"post_tag","embeddable":true,"href":"https:\/\/www.hospitalaustral.edu.ar\/plandesalud\/wp-json\/wp\/v2\/tags?post=3690"}],"curies":[{"name":"wp","href":"https:\/\/api.w.org\/{rel}","templated":true}]}}